{"id":1816,"date":"2023-05-15T17:47:15","date_gmt":"2023-05-15T17:47:15","guid":{"rendered":"https:\/\/energiematverstand.lu\/wpenergie\/?p=1816"},"modified":"2023-05-15T17:55:07","modified_gmt":"2023-05-15T17:55:07","slug":"emv-assemble-generale-2023-2","status":"publish","type":"post","link":"https:\/\/energiematverstand.lu\/wpenergie\/fr\/2023\/05\/15\/emv-assemble-generale-2023-2\/","title":{"rendered":"EmV &#8211; Assembl\u00e9 G\u00e9n\u00e9rale 2023"},"content":{"rendered":"<p><img decoding=\"async\" loading=\"lazy\" width=\"1386\" height=\"780\" class=\"wp-image-1817\" src=\"https:\/\/energiematverstand.lu\/wpenergie\/wp-content\/uploads\/2023\/05\/ein-bild-das-kleidung-im-haus-person-mobiliar-1.jpeg\" alt=\"Ein Bild, das Kleidung, Im Haus, Person, Mobiliar enth\u00e4lt.\n\nAutomatisch generierte Beschreibung\" srcset=\"https:\/\/energiematverstand.lu\/wpenergie\/wp-content\/uploads\/2023\/05\/ein-bild-das-kleidung-im-haus-person-mobiliar-1.jpeg 1386w, https:\/\/energiematverstand.lu\/wpenergie\/wp-content\/uploads\/2023\/05\/ein-bild-das-kleidung-im-haus-person-mobiliar-1-300x169.jpeg 300w, https:\/\/energiematverstand.lu\/wpenergie\/wp-content\/uploads\/2023\/05\/ein-bild-das-kleidung-im-haus-person-mobiliar-1-1024x576.jpeg 1024w, https:\/\/energiematverstand.lu\/wpenergie\/wp-content\/uploads\/2023\/05\/ein-bild-das-kleidung-im-haus-person-mobiliar-1-768x432.jpeg 768w, https:\/\/energiematverstand.lu\/wpenergie\/wp-content\/uploads\/2023\/05\/ein-bild-das-kleidung-im-haus-person-mobiliar-1-624x351.jpeg 624w\" sizes=\"(max-width: 1386px) 100vw, 1386px\" \/><\/p>\n<p>D\u00ebst Joer huet eis Assembl\u00e9e\u00a0G\u00e9n\u00e9rale den 28. M\u00e4erz zu Bierden an der Aler Schoul stattfonnt.<\/p>\n<p>Och wann et sech bei d\u00ebser Veranstaltung \u00e9ischter \u00ebm eng Formalit\u00e9it\u00a0handelt, sou haten sech awer eng R\u00ebtsch\u00a0Leit afonnt fir iwwert de Bilan vun eisen Aktivit\u00e9iten inform\u00e9iert ze ginn.<\/p>\n<p>Sou war och quasi de kompletten Ierpeldenger Gemengerot present,\u00a0fir op de neiste Stand vun eisen Demarch\u00eb\u00a0gesat ze ginn.<\/p>\n<p>Eise President\u00a0Yves Wallers huet sech a senger excellenter Introduktioun\u00a0k\u00e4mpferesch ginn an nach eng K\u00e9ier betount, dass mir trotz der rezenter Autorisatioun vum \u00cbmweltminist\u00e8re\u00a0weiderhin all Hiewel op politeschem a juristeschem Niveau a Beweegung\u00a0setze w\u00e4erten, fir de Bau vun der Wandmillen op Hasenbach ze verh\u00ebnneren.<\/p>\n<p><strong>Och den Ierpeldenger Buergermeeschter Claude Gleis huet d\u2019Wuert ergraff an nach eng K\u00e9ier an aller D\u00e4itlechkeet betount, dass d\u2019Gemeng Ierpeldeng-Sauer net mat dem Choix vum Site averstanen ass.<\/strong> Si g\u00e9inge lo och hirers\u00e4its\u00a0juristesch Demarch\u00eb\u00a0pr\u00e9iwe loossen.<\/p>\n<p>Eisen Aktivit\u00e9itsrapport, dee vum Mich\u00e8le Garin-Stein pr\u00e4sent\u00e9iert gouf, fannt dir hei: <a href=\"https:\/\/energiematverstand.lu\/wpenergie\/wp-content\/uploads\/2023\/05\/AG_Activites-2022_28-03-202223638.pdf\" target=\"_blank\" rel=\"noopener\">Link<\/a><\/p>\n<p>Wann dir eis weiderhin als Member \u00ebnnerst\u00ebtze w\u00ebllt, fannt dir hei all wieder Informatiounen:<a href=\"https:\/\/energiematverstand.lu\/wpenergie\/member-ginn\/\"> Link<\/a><\/p>\n","protected":false},"excerpt":{"rendered":"<p>D\u00ebst Joer huet eis Assembl\u00e9e\u00a0G\u00e9n\u00e9rale den 28. M\u00e4erz zu Bierden an der Aler Schoul stattfonnt. Och wann et sech bei d\u00ebser Veranstaltung \u00e9ischter \u00ebm eng Formalit\u00e9it\u00a0handelt, sou haten sech awer eng R\u00ebtsch\u00a0Leit afonnt fir iwwert de Bilan vun eisen Aktivit\u00e9iten inform\u00e9iert ze ginn. Sou war och quasi de kompletten Ierpeldenger Gemengerot present,\u00a0fir op de neiste [&hellip;]<\/p>\n","protected":false},"author":5,"featured_media":0,"comment_status":"closed","ping_status":"open","sticky":false,"template":"","format":"standard","meta":[],"categories":[15],"tags":[],"_links":{"self":[{"href":"https:\/\/energiematverstand.lu\/wpenergie\/wp-json\/wp\/v2\/posts\/1816"}],"collection":[{"href":"https:\/\/energiematverstand.lu\/wpenergie\/wp-json\/wp\/v2\/posts"}],"about":[{"href":"https:\/\/energiematverstand.lu\/wpenergie\/wp-json\/wp\/v2\/types\/post"}],"author":[{"embeddable":true,"href":"https:\/\/energiematverstand.lu\/wpenergie\/wp-json\/wp\/v2\/users\/5"}],"replies":[{"embeddable":true,"href":"https:\/\/energiematverstand.lu\/wpenergie\/wp-json\/wp\/v2\/comments?post=1816"}],"version-history":[{"count":4,"href":"https:\/\/energiematverstand.lu\/wpenergie\/wp-json\/wp\/v2\/posts\/1816\/revisions"}],"predecessor-version":[{"id":1896,"href":"https:\/\/energiematverstand.lu\/wpenergie\/wp-json\/wp\/v2\/posts\/1816\/revisions\/1896"}],"wp:attachment":[{"href":"https:\/\/energiematverstand.lu\/wpenergie\/wp-json\/wp\/v2\/media?parent=1816"}],"wp:term":[{"taxonomy":"category","embeddable":true,"href":"https:\/\/energiematverstand.lu\/wpenergie\/wp-json\/wp\/v2\/categories?post=1816"},{"taxonomy":"post_tag","embeddable":true,"href":"https:\/\/energiematverstand.lu\/wpenergie\/wp-json\/wp\/v2\/tags?post=1816"}],"curies":[{"name":"wp","href":"https:\/\/api.w.org\/{rel}","templated":true}]}}